{"id":329,"date":"2012-09-30T00:22:04","date_gmt":"2012-09-29T23:22:04","guid":{"rendered":"http:\/\/www.christian-epp.de\/?p=329"},"modified":"2012-09-30T00:22:04","modified_gmt":"2012-09-29T23:22:04","slug":"hochzeitslied","status":"publish","type":"post","link":"https:\/\/www.christian-epp.de\/?p=329","title":{"rendered":"Hochzeitslied"},"content":{"rendered":"<p>Die Chrissi und ich hatten vorgehabt, dieses Lied auf der Hochzeit von Andi und Nadine zu singen. Daf\u00fcr hatte ich mir vorher sogar die Akkorde rausgeh\u00f6rt. Eigentlich war das sogar das erste Mal, dass ich bei einem kompletten Lied die Akkorde rausgeh\u00f6rt und -geschrieben ab. Yippieh! Aus verschiedenen Gr\u00fcnden haben wir das dann doch nicht aufgef\u00fchrt und daraufhin habe ich die Gelegenheit beim Schopfe gepackt und mit ihr eine Aufnahme gemacht. Nat\u00fcrlich ist das Arrangement des Liedes von Sara Lorenz sehr nah am Original, aber ich habe versucht, dem Ganzen eine eigene Note zu geben.<\/p>\n<p><iframe loading=\"lazy\" width=\"676\" height=\"507\" src=\"http:\/\/www.youtube.com\/embed\/wrlkfaCKDxE?feature=oembed\" frameborder=\"0\" allowfullscreen><\/iframe><\/p>\n<p>Schreibt mir doch, wie ihr den Mix so findet :)<\/p>\n","protected":false},"excerpt":{"rendered":"<p>Die Chrissi und ich hatten vorgehabt, dieses Lied auf der Hochzeit von Andi und Nadine zu singen. Daf\u00fcr hatte ich mir vorher sogar die Akkorde rausgeh\u00f6rt. Eigentlich war das sogar das erste Mal, dass ich bei einem kompletten Lied die Akkorde rausgeh\u00f6rt und -geschrieben ab. Yippieh! Aus verschiedenen Gr\u00fcnden haben wir das dann doch nicht [&hellip;]<\/p>\n","protected":false},"author":1,"featured_media":0,"comment_status":"open","ping_status":"open","sticky":false,"template":"","format":"standard","meta":{"footnotes":""},"categories":[13],"tags":[],"class_list":["post-329","post","type-post","status-publish","format-standard","hentry","category-musik","post-preview"],"_links":{"self":[{"href":"https:\/\/www.christian-epp.de\/index.php?rest_route=\/wp\/v2\/posts\/329","targetHints":{"allow":["GET"]}}],"collection":[{"href":"https:\/\/www.christian-epp.de\/index.php?rest_route=\/wp\/v2\/posts"}],"about":[{"href":"https:\/\/www.christian-epp.de\/index.php?rest_route=\/wp\/v2\/types\/post"}],"author":[{"embeddable":true,"href":"https:\/\/www.christian-epp.de\/index.php?rest_route=\/wp\/v2\/users\/1"}],"replies":[{"embeddable":true,"href":"https:\/\/www.christian-epp.de\/index.php?rest_route=%2Fwp%2Fv2%2Fcomments&post=329"}],"version-history":[{"count":3,"href":"https:\/\/www.christian-epp.de\/index.php?rest_route=\/wp\/v2\/posts\/329\/revisions"}],"predecessor-version":[{"id":332,"href":"https:\/\/www.christian-epp.de\/index.php?rest_route=\/wp\/v2\/posts\/329\/revisions\/332"}],"wp:attachment":[{"href":"https:\/\/www.christian-epp.de\/index.php?rest_route=%2Fwp%2Fv2%2Fmedia&parent=329"}],"wp:term":[{"taxonomy":"category","embeddable":true,"href":"https:\/\/www.christian-epp.de\/index.php?rest_route=%2Fwp%2Fv2%2Fcategories&post=329"},{"taxonomy":"post_tag","embeddable":true,"href":"https:\/\/www.christian-epp.de\/index.php?rest_route=%2Fwp%2Fv2%2Ftags&post=329"}],"curies":[{"name":"wp","href":"https:\/\/api.w.org\/{rel}","templated":true}]}}